{"id":543,"date":"2022-11-09T16:59:54","date_gmt":"2022-11-09T15:59:54","guid":{"rendered":"https:\/\/www.imboden-el-mech.ch\/?p=543"},"modified":"2022-11-14T15:26:42","modified_gmt":"2022-11-14T14:26:42","slug":"elektrifizierung-der-fahrzeugflotte","status":"publish","type":"post","link":"https:\/\/www.imboden-el-mech.ch\/?p=543","title":{"rendered":"Elektrifizierung der Fahrzeugflotte"},"content":{"rendered":"\n<p><\/p>\n\n\n<p><\/p>\n<p>Eines unser Firmenfahrzeuge ist in die Jahre gekommen und musste ersetzt werden. Durch den Erwerb eines Tesla Model X setzte unsere Firma Ende 2019 den Spatenstich f\u00fcr die Elektromobilit\u00e4t. Unser Pr\u00e4sident und Aussendienstmitarbeiter eignete sich ein grosses Wissen in der Elektromobilit\u00e4t an und setzte dies in unserer Firma um, indem er den Tesla f\u00fcr den Aussendienst einsetzte und seine Erfahrungen mit der Belegschaft teilte.<\/p>\n<p>Als dann im Herbst 2021 ein weiteres Fahrzeug ersetzt werden musste, setzte die Firma auf ein Tesla Model Y. Noch im selben Jahr legten zwei unserer Mitarbeiter je ein Elektrofahrzeug zu.<\/p>\n<p><\/p>","protected":false},"excerpt":{"rendered":"<p>Eines unser Firmenfahrzeuge ist in die Jahre gekommen und musste ersetzt werden. Durch den Erwerb eines Tesla Model X setzte unsere Firma Ende 2019 den Spatenstich f\u00fcr die Elektromobilit\u00e4t. Unser Pr\u00e4sident und Aussendienstmitarbeiter eignete sich ein grosses Wissen in der Elektromobilit\u00e4t an und setzte dies in unserer Firma um, indem er den Tesla f\u00fcr den &hellip; <a href=\"https:\/\/www.imboden-el-mech.ch\/?p=543\" class=\"more-link\"><span class=\"screen-reader-text\">Elektrifizierung der Fahrzeugflotte<\/span> weiterlesen <span class=\"meta-nav\">&rarr;<\/span><\/a><\/p>\n","protected":false},"author":2,"featured_media":544,"comment_status":"closed","ping_status":"open","sticky":false,"template":"","format":"standard","meta":{"footnotes":""},"categories":[12],"tags":[5,6,4],"class_list":["post-543","post","type-post","status-publish","format-standard","has-post-thumbnail","hentry","category-elektromobilitaet","tag-elektromobilitaet","tag-ev","tag-tesla"],"_links":{"self":[{"href":"https:\/\/www.imboden-el-mech.ch\/index.php?rest_route=\/wp\/v2\/posts\/543","targetHints":{"allow":["GET"]}}],"collection":[{"href":"https:\/\/www.imboden-el-mech.ch\/index.php?rest_route=\/wp\/v2\/posts"}],"about":[{"href":"https:\/\/www.imboden-el-mech.ch\/index.php?rest_route=\/wp\/v2\/types\/post"}],"author":[{"embeddable":true,"href":"https:\/\/www.imboden-el-mech.ch\/index.php?rest_route=\/wp\/v2\/users\/2"}],"replies":[{"embeddable":true,"href":"https:\/\/www.imboden-el-mech.ch\/index.php?rest_route=%2Fwp%2Fv2%2Fcomments&post=543"}],"version-history":[{"count":5,"href":"https:\/\/www.imboden-el-mech.ch\/index.php?rest_route=\/wp\/v2\/posts\/543\/revisions"}],"predecessor-version":[{"id":569,"href":"https:\/\/www.imboden-el-mech.ch\/index.php?rest_route=\/wp\/v2\/posts\/543\/revisions\/569"}],"wp:featuredmedia":[{"embeddable":true,"href":"https:\/\/www.imboden-el-mech.ch\/index.php?rest_route=\/wp\/v2\/media\/544"}],"wp:attachment":[{"href":"https:\/\/www.imboden-el-mech.ch\/index.php?rest_route=%2Fwp%2Fv2%2Fmedia&parent=543"}],"wp:term":[{"taxonomy":"category","embeddable":true,"href":"https:\/\/www.imboden-el-mech.ch\/index.php?rest_route=%2Fwp%2Fv2%2Fcategories&post=543"},{"taxonomy":"post_tag","embeddable":true,"href":"https:\/\/www.imboden-el-mech.ch\/index.php?rest_route=%2Fwp%2Fv2%2Ftags&post=543"}],"curies":[{"name":"wp","href":"https:\/\/api.w.org\/{rel}","templated":true}]}}