{"id":563,"date":"2022-11-14T15:11:00","date_gmt":"2022-11-14T14:11:00","guid":{"rendered":"https:\/\/www.imboden-el-mech.ch\/?p=563"},"modified":"2022-11-14T16:52:22","modified_gmt":"2022-11-14T15:52:22","slug":"ladestation-fuer-mitarbeiter","status":"publish","type":"post","link":"https:\/\/www.imboden-el-mech.ch\/?p=563","title":{"rendered":"Ladestation f\u00fcr Mitarbeiter"},"content":{"rendered":"\n<p><\/p>\n\n\n<p>Aufgrund Elektrifizierung der Firmenfahrzeuge errichtet die Firma ihre eigene Ladestation. Die Energie f\u00fcr die Fahrzeuge wird gr\u00f6sstenteils mittels Photovoltaik-Anlage auf dem eigenen Dach produziert. Die Firma stellt die Ladestation zus\u00e4tzlich ihren Mitarbeitern zur Verf\u00fcgung. Somit l\u00e4sst sich das Privatfahrzeug w\u00e4hrend der Arbeitszeit laden.<\/p>","protected":false},"excerpt":{"rendered":"<p>Aufgrund Elektrifizierung der Firmenfahrzeuge errichtet die Firma ihre eigene Ladestation. Die Energie f\u00fcr die Fahrzeuge wird gr\u00f6sstenteils mittels Photovoltaik-Anlage auf dem eigenen Dach produziert. Die Firma stellt die Ladestation zus\u00e4tzlich ihren Mitarbeitern zur Verf\u00fcgung. Somit l\u00e4sst sich das Privatfahrzeug w\u00e4hrend der Arbeitszeit laden.<\/p>\n","protected":false},"author":2,"featured_media":566,"comment_status":"closed","ping_status":"open","sticky":false,"template":"","format":"standard","meta":{"footnotes":""},"categories":[12],"tags":[5,6],"class_list":["post-563","post","type-post","status-publish","format-standard","has-post-thumbnail","hentry","category-elektromobilitaet","tag-elektromobilitaet","tag-ev"],"_links":{"self":[{"href":"https:\/\/www.imboden-el-mech.ch\/index.php?rest_route=\/wp\/v2\/posts\/563","targetHints":{"allow":["GET"]}}],"collection":[{"href":"https:\/\/www.imboden-el-mech.ch\/index.php?rest_route=\/wp\/v2\/posts"}],"about":[{"href":"https:\/\/www.imboden-el-mech.ch\/index.php?rest_route=\/wp\/v2\/types\/post"}],"author":[{"embeddable":true,"href":"https:\/\/www.imboden-el-mech.ch\/index.php?rest_route=\/wp\/v2\/users\/2"}],"replies":[{"embeddable":true,"href":"https:\/\/www.imboden-el-mech.ch\/index.php?rest_route=%2Fwp%2Fv2%2Fcomments&post=563"}],"version-history":[{"count":2,"href":"https:\/\/www.imboden-el-mech.ch\/index.php?rest_route=\/wp\/v2\/posts\/563\/revisions"}],"predecessor-version":[{"id":567,"href":"https:\/\/www.imboden-el-mech.ch\/index.php?rest_route=\/wp\/v2\/posts\/563\/revisions\/567"}],"wp:featuredmedia":[{"embeddable":true,"href":"https:\/\/www.imboden-el-mech.ch\/index.php?rest_route=\/wp\/v2\/media\/566"}],"wp:attachment":[{"href":"https:\/\/www.imboden-el-mech.ch\/index.php?rest_route=%2Fwp%2Fv2%2Fmedia&parent=563"}],"wp:term":[{"taxonomy":"category","embeddable":true,"href":"https:\/\/www.imboden-el-mech.ch\/index.php?rest_route=%2Fwp%2Fv2%2Fcategories&post=563"},{"taxonomy":"post_tag","embeddable":true,"href":"https:\/\/www.imboden-el-mech.ch\/index.php?rest_route=%2Fwp%2Fv2%2Ftags&post=563"}],"curies":[{"name":"wp","href":"https:\/\/api.w.org\/{rel}","templated":true}]}}