{"id":613,"date":"2023-01-13T10:30:19","date_gmt":"2023-01-13T09:30:19","guid":{"rendered":"https:\/\/www.imboden-el-mech.ch\/?p=613"},"modified":"2023-01-13T10:30:20","modified_gmt":"2023-01-13T09:30:20","slug":"neue-strassenbeleuchtung-fuer-eisten","status":"publish","type":"post","link":"https:\/\/www.imboden-el-mech.ch\/?p=613","title":{"rendered":"Neue Strassenbeleuchtung f\u00fcr Eisten"},"content":{"rendered":"<p>Viele Gemeinden setzen aus energietechnischen Gr\u00fcnden auf LED-Strassenbeleuchtung, so auch die Gemeinde Eisten. Zur Ausleuchtung der Kantonsstrasse im Innerorts-Bereich wurden LED-Laternen in warmweisser Ausf\u00fchrung aufgestellt. Diese strahlen auf die Fahrbahn und stellen das Licht dort zur Verf\u00fcgung wo es ben\u00f6tigt wird. Die Bauweise verhindert ein Streuen des Lichts und schont somit die Umwelt.<\/p>\n","protected":false},"excerpt":{"rendered":"<p>Viele Gemeinden setzen aus energietechnischen Gr\u00fcnden auf LED-Strassenbeleuchtung, so auch die Gemeinde Eisten. Zur Ausleuchtung der Kantonsstrasse im Innerorts-Bereich wurden LED-Laternen in warmweisser Ausf\u00fchrung aufgestellt. Diese strahlen auf die Fahrbahn und stellen das Licht dort zur Verf\u00fcgung wo es ben\u00f6tigt wird. Die Bauweise verhindert ein Streuen des Lichts und schont somit die Umwelt.<\/p>\n","protected":false},"author":2,"featured_media":614,"comment_status":"closed","ping_status":"open","sticky":false,"template":"","format":"standard","meta":{"footnotes":""},"categories":[13],"tags":[14,15,16],"class_list":["post-613","post","type-post","status-publish","format-standard","has-post-thumbnail","hentry","category-beleuchtung","tag-beleuchtung","tag-led","tag-umwelt"],"_links":{"self":[{"href":"https:\/\/www.imboden-el-mech.ch\/index.php?rest_route=\/wp\/v2\/posts\/613","targetHints":{"allow":["GET"]}}],"collection":[{"href":"https:\/\/www.imboden-el-mech.ch\/index.php?rest_route=\/wp\/v2\/posts"}],"about":[{"href":"https:\/\/www.imboden-el-mech.ch\/index.php?rest_route=\/wp\/v2\/types\/post"}],"author":[{"embeddable":true,"href":"https:\/\/www.imboden-el-mech.ch\/index.php?rest_route=\/wp\/v2\/users\/2"}],"replies":[{"embeddable":true,"href":"https:\/\/www.imboden-el-mech.ch\/index.php?rest_route=%2Fwp%2Fv2%2Fcomments&post=613"}],"version-history":[{"count":2,"href":"https:\/\/www.imboden-el-mech.ch\/index.php?rest_route=\/wp\/v2\/posts\/613\/revisions"}],"predecessor-version":[{"id":616,"href":"https:\/\/www.imboden-el-mech.ch\/index.php?rest_route=\/wp\/v2\/posts\/613\/revisions\/616"}],"wp:featuredmedia":[{"embeddable":true,"href":"https:\/\/www.imboden-el-mech.ch\/index.php?rest_route=\/wp\/v2\/media\/614"}],"wp:attachment":[{"href":"https:\/\/www.imboden-el-mech.ch\/index.php?rest_route=%2Fwp%2Fv2%2Fmedia&parent=613"}],"wp:term":[{"taxonomy":"category","embeddable":true,"href":"https:\/\/www.imboden-el-mech.ch\/index.php?rest_route=%2Fwp%2Fv2%2Fcategories&post=613"},{"taxonomy":"post_tag","embeddable":true,"href":"https:\/\/www.imboden-el-mech.ch\/index.php?rest_route=%2Fwp%2Fv2%2Ftags&post=613"}],"curies":[{"name":"wp","href":"https:\/\/api.w.org\/{rel}","templated":true}]}}