{"id":689,"date":"2024-02-09T09:14:47","date_gmt":"2024-02-09T08:14:47","guid":{"rendered":"https:\/\/www.imboden-el-mech.ch\/?p=689"},"modified":"2024-02-09T09:14:47","modified_gmt":"2024-02-09T08:14:47","slug":"ladestation-fuer-elektrofahrzeuge","status":"publish","type":"post","link":"https:\/\/www.imboden-el-mech.ch\/?p=689","title":{"rendered":"Ladestation f\u00fcr Elektrofahrzeuge"},"content":{"rendered":"<p>An unserem zweiten Standort steht ab sofort eine Ladestation f\u00fcr das Aufladen von Elektrofahrzeugen zur Verf\u00fcgung. Die Ladeleistung betr\u00e4gt 22 kW, bei Belegung beider Ladepl\u00e4tze 11 kW. Die Station kann von allen Nutzern ben\u00fctzt werden, da Ad-Hoc-Laden per Kreditkarte durch Scannen des QR-Codes beim Ladeanschluss m\u00f6glich ist. Wer die App eCarUp installiert und seine Kreditkarte hinterlegt hat, kann den Ladevorgang aus der App heraus starten. Die Energie f\u00fcr das Laden der Elektrofahrzeuge besteht vorwiegend aus eigener PV-Produktion. \u00dcbersch\u00fcssige PV-Energie wird im Batteriespeicher zwischengespeichert und kann auch bei geringer oder keiner PV-Produktion an die Fahrzeuge abgegeben werden.<\/p>\n","protected":false},"excerpt":{"rendered":"<p>An unserem zweiten Standort steht ab sofort eine Ladestation f\u00fcr das Aufladen von Elektrofahrzeugen zur Verf\u00fcgung. Die Ladeleistung betr\u00e4gt 22 kW, bei Belegung beider Ladepl\u00e4tze 11 kW. Die Station kann von allen Nutzern ben\u00fctzt werden, da Ad-Hoc-Laden per Kreditkarte durch Scannen des QR-Codes beim Ladeanschluss m\u00f6glich ist. Wer die App eCarUp installiert und seine Kreditkarte &hellip; <a href=\"https:\/\/www.imboden-el-mech.ch\/?p=689\" class=\"more-link\"><span class=\"screen-reader-text\">Ladestation f\u00fcr Elektrofahrzeuge<\/span> weiterlesen <span class=\"meta-nav\">&rarr;<\/span><\/a><\/p>\n","protected":false},"author":2,"featured_media":691,"comment_status":"closed","ping_status":"open","sticky":false,"template":"","format":"standard","meta":{"footnotes":""},"categories":[12],"tags":[5,6,20],"class_list":["post-689","post","type-post","status-publish","format-standard","has-post-thumbnail","hentry","category-elektromobilitaet","tag-elektromobilitaet","tag-ev","tag-pv"],"_links":{"self":[{"href":"https:\/\/www.imboden-el-mech.ch\/index.php?rest_route=\/wp\/v2\/posts\/689","targetHints":{"allow":["GET"]}}],"collection":[{"href":"https:\/\/www.imboden-el-mech.ch\/index.php?rest_route=\/wp\/v2\/posts"}],"about":[{"href":"https:\/\/www.imboden-el-mech.ch\/index.php?rest_route=\/wp\/v2\/types\/post"}],"author":[{"embeddable":true,"href":"https:\/\/www.imboden-el-mech.ch\/index.php?rest_route=\/wp\/v2\/users\/2"}],"replies":[{"embeddable":true,"href":"https:\/\/www.imboden-el-mech.ch\/index.php?rest_route=%2Fwp%2Fv2%2Fcomments&post=689"}],"version-history":[{"count":2,"href":"https:\/\/www.imboden-el-mech.ch\/index.php?rest_route=\/wp\/v2\/posts\/689\/revisions"}],"predecessor-version":[{"id":692,"href":"https:\/\/www.imboden-el-mech.ch\/index.php?rest_route=\/wp\/v2\/posts\/689\/revisions\/692"}],"wp:featuredmedia":[{"embeddable":true,"href":"https:\/\/www.imboden-el-mech.ch\/index.php?rest_route=\/wp\/v2\/media\/691"}],"wp:attachment":[{"href":"https:\/\/www.imboden-el-mech.ch\/index.php?rest_route=%2Fwp%2Fv2%2Fmedia&parent=689"}],"wp:term":[{"taxonomy":"category","embeddable":true,"href":"https:\/\/www.imboden-el-mech.ch\/index.php?rest_route=%2Fwp%2Fv2%2Fcategories&post=689"},{"taxonomy":"post_tag","embeddable":true,"href":"https:\/\/www.imboden-el-mech.ch\/index.php?rest_route=%2Fwp%2Fv2%2Ftags&post=689"}],"curies":[{"name":"wp","href":"https:\/\/api.w.org\/{rel}","templated":true}]}}